{"id":612,"date":"2023-03-05T09:49:49","date_gmt":"2023-03-05T08:49:49","guid":{"rendered":"https:\/\/projekte.flamal.de\/wiederhier\/?p=612"},"modified":"2023-03-06T22:04:50","modified_gmt":"2023-03-06T21:04:50","slug":"haus-hoppe-stove","status":"publish","type":"post","link":"https:\/\/projekte.flamal.de\/wiederhier\/kunst\/haus-hoppe-stove\/","title":{"rendered":"Haus Hoppe &#8211; Stove"},"content":{"rendered":"\n<div class=\"wp-block-columns is-layout-flex wp-container-core-columns-is-layout-9d6595d7 wp-block-columns-is-layout-flex\">\n<div class=\"wp-block-column is-layout-flow wp-block-column-is-layout-flow\">\n<p>Auf einer Ausstellungsfl\u00e4che von ca. 400 m\u00b2 k\u00f6nnen Sie jetzt zahlreiche Gem\u00e4lde und mehrfarbige Holzschnitte betrachten oder erwerben.<\/p>\n\n\n\n<p>Nutzen Sie bei Ihren Besuch die M\u00f6glichkeit an einer F\u00fchrung durch das HAUS HOPPE \u2013 Galerie f\u00fcr Bildende Kunst teilzunehmen, bei der Ihnen das Oeuvre des K\u00fcnstlers Olaf Hoppe vorgestellt wird und Ihre Fragen zum Handwerk, Komposition, Kunst und Kunstgeschichte beantwortet werden. Erleben Sie die kostbaren Holzschnitte, \u00fcber die \u201eDas internationale Kunsthaus- ARTES\u00ae\u201c schreibt: \u201e\u2026Der Maler und Grafiker Olaf&nbsp;<a href=\"https:\/\/haushoppe.de\/wp-content\/uploads\/2020\/12\/Artes-1.jpg\" data-rel=\"lightbox-gallery-m2hhHeh0\" data-rl_title=\"\" data-rl_caption=\"\" title=\"\">Hoppe ist einer der besten Holzschneider Deutschlands\u2026\u201c.<\/a><\/p>\n<\/div>\n\n\n\n<div class=\"wp-block-column is-layout-flow wp-block-column-is-layout-flow\"><div class=\"wp-block-image\">\n<figure class=\"alignright size-large\"><a href=\"https:\/\/www.haushoppe.de\"><img decoding=\"async\" src=\"https:\/\/haushoppe.de\/wp-content\/uploads\/2020\/11\/cropped-logo-haushoppe-490.png\" alt=\"\"\/><\/a><\/figure>\n<\/div>\n\n<div class=\"wp-block-image\">\n<figure class=\"alignright size-large is-resized\"><img loading=\"lazy\" decoding=\"async\" src=\"https:\/\/haushoppe.de\/wp-content\/uploads\/2020\/12\/Foto-Thomas-Haentzschel-nordlicht-Olaf-Hoppe-Garten-2010-1510x2048.jpg\" alt=\"\" width=\"305\" height=\"413\"\/><figcaption class=\"wp-element-caption\">Text &amp; Bilder \u00a9 Olaf Hoppe<\/figcaption><\/figure>\n<\/div><\/div>\n<\/div>\n\n\n\n<figure class=\"wp-block-image size-large\"><img loading=\"lazy\" decoding=\"async\" width=\"1024\" height=\"393\" src=\"https:\/\/projekte.flamal.de\/wiederhier\/wp-content\/uploads\/2023\/03\/2020-09-A-Olaf-Hoppe-\u201eDie-Botschaft-2020-\u00a9-Acryl-auf-Leinwand-75-x-200-cm-2020-09-2048x785-1-1024x393.jpg\" alt=\"\" class=\"wp-image-665\" srcset=\"https:\/\/projekte.flamal.de\/wiederhier\/wp-content\/uploads\/2023\/03\/2020-09-A-Olaf-Hoppe-\u201eDie-Botschaft-2020-\u00a9-Acryl-auf-Leinwand-75-x-200-cm-2020-09-2048x785-1-1024x393.jpg 1024w, https:\/\/projekte.flamal.de\/wiederhier\/wp-content\/uploads\/2023\/03\/2020-09-A-Olaf-Hoppe-\u201eDie-Botschaft-2020-\u00a9-Acryl-auf-Leinwand-75-x-200-cm-2020-09-2048x785-1-300x115.jpg 300w, https:\/\/projekte.flamal.de\/wiederhier\/wp-content\/uploads\/2023\/03\/2020-09-A-Olaf-Hoppe-\u201eDie-Botschaft-2020-\u00a9-Acryl-auf-Leinwand-75-x-200-cm-2020-09-2048x785-1-768x294.jpg 768w, https:\/\/projekte.flamal.de\/wiederhier\/wp-content\/uploads\/2023\/03\/2020-09-A-Olaf-Hoppe-\u201eDie-Botschaft-2020-\u00a9-Acryl-auf-Leinwand-75-x-200-cm-2020-09-2048x785-1-1536x589.jpg 1536w, https:\/\/projekte.flamal.de\/wiederhier\/wp-content\/uploads\/2023\/03\/2020-09-A-Olaf-Hoppe-\u201eDie-Botschaft-2020-\u00a9-Acryl-auf-Leinwand-75-x-200-cm-2020-09-2048x785-1-500x192.jpg 500w, https:\/\/projekte.flamal.de\/wiederhier\/wp-content\/uploads\/2023\/03\/2020-09-A-Olaf-Hoppe-\u201eDie-Botschaft-2020-\u00a9-Acryl-auf-Leinwand-75-x-200-cm-2020-09-2048x785-1-800x307.jpg 800w, https:\/\/projekte.flamal.de\/wiederhier\/wp-content\/uploads\/2023\/03\/2020-09-A-Olaf-Hoppe-\u201eDie-Botschaft-2020-\u00a9-Acryl-auf-Leinwand-75-x-200-cm-2020-09-2048x785-1-1280x491.jpg 1280w, https:\/\/projekte.flamal.de\/wiederhier\/wp-content\/uploads\/2023\/03\/2020-09-A-Olaf-Hoppe-\u201eDie-Botschaft-2020-\u00a9-Acryl-auf-Leinwand-75-x-200-cm-2020-09-2048x785-1-1920x736.jpg 1920w, https:\/\/projekte.flamal.de\/wiederhier\/wp-content\/uploads\/2023\/03\/2020-09-A-Olaf-Hoppe-\u201eDie-Botschaft-2020-\u00a9-Acryl-auf-Leinwand-75-x-200-cm-2020-09-2048x785-1.jpg 2048w\" sizes=\"auto, (max-width: 1024px) 100vw, 1024px\" \/><\/figure>\n\n\n\n<div class=\"wp-block-columns is-layout-flex wp-container-core-columns-is-layout-9d6595d7 wp-block-columns-is-layout-flex\">\n<div class=\"wp-block-column is-layout-flow wp-block-column-is-layout-flow\">\n<figure class=\"wp-block-image size-large\"><img loading=\"lazy\" decoding=\"async\" width=\"1024\" height=\"748\" src=\"https:\/\/projekte.flamal.de\/wiederhier\/wp-content\/uploads\/2023\/03\/2020-02-A-\u00a9-Olaf-Hoppe-\u201e-Mann-am-Meer-die-Supernova2020\u00a9-Acryl-auf-Leinwand-90x125-cm-2048x1495-1-1024x748.jpg\" alt=\"\" class=\"wp-image-666\" srcset=\"https:\/\/projekte.flamal.de\/wiederhier\/wp-content\/uploads\/2023\/03\/2020-02-A-\u00a9-Olaf-Hoppe-\u201e-Mann-am-Meer-die-Supernova2020\u00a9-Acryl-auf-Leinwand-90x125-cm-2048x1495-1-1024x748.jpg 1024w, https:\/\/projekte.flamal.de\/wiederhier\/wp-content\/uploads\/2023\/03\/2020-02-A-\u00a9-Olaf-Hoppe-\u201e-Mann-am-Meer-die-Supernova2020\u00a9-Acryl-auf-Leinwand-90x125-cm-2048x1495-1-300x219.jpg 300w, https:\/\/projekte.flamal.de\/wiederhier\/wp-content\/uploads\/2023\/03\/2020-02-A-\u00a9-Olaf-Hoppe-\u201e-Mann-am-Meer-die-Supernova2020\u00a9-Acryl-auf-Leinwand-90x125-cm-2048x1495-1-768x561.jpg 768w, https:\/\/projekte.flamal.de\/wiederhier\/wp-content\/uploads\/2023\/03\/2020-02-A-\u00a9-Olaf-Hoppe-\u201e-Mann-am-Meer-die-Supernova2020\u00a9-Acryl-auf-Leinwand-90x125-cm-2048x1495-1-1536x1121.jpg 1536w, https:\/\/projekte.flamal.de\/wiederhier\/wp-content\/uploads\/2023\/03\/2020-02-A-\u00a9-Olaf-Hoppe-\u201e-Mann-am-Meer-die-Supernova2020\u00a9-Acryl-auf-Leinwand-90x125-cm-2048x1495-1-500x365.jpg 500w, https:\/\/projekte.flamal.de\/wiederhier\/wp-content\/uploads\/2023\/03\/2020-02-A-\u00a9-Olaf-Hoppe-\u201e-Mann-am-Meer-die-Supernova2020\u00a9-Acryl-auf-Leinwand-90x125-cm-2048x1495-1-800x584.jpg 800w, https:\/\/projekte.flamal.de\/wiederhier\/wp-content\/uploads\/2023\/03\/2020-02-A-\u00a9-Olaf-Hoppe-\u201e-Mann-am-Meer-die-Supernova2020\u00a9-Acryl-auf-Leinwand-90x125-cm-2048x1495-1-1280x934.jpg 1280w, https:\/\/projekte.flamal.de\/wiederhier\/wp-content\/uploads\/2023\/03\/2020-02-A-\u00a9-Olaf-Hoppe-\u201e-Mann-am-Meer-die-Supernova2020\u00a9-Acryl-auf-Leinwand-90x125-cm-2048x1495-1-1920x1402.jpg 1920w, https:\/\/projekte.flamal.de\/wiederhier\/wp-content\/uploads\/2023\/03\/2020-02-A-\u00a9-Olaf-Hoppe-\u201e-Mann-am-Meer-die-Supernova2020\u00a9-Acryl-auf-Leinwand-90x125-cm-2048x1495-1.jpg 2048w\" sizes=\"auto, (max-width: 1024px) 100vw, 1024px\" \/><\/figure>\n<\/div>\n\n\n\n<div class=\"wp-block-column is-layout-flow wp-block-column-is-layout-flow\">\n<figure class=\"wp-block-image size-large\"><img loading=\"lazy\" decoding=\"async\" width=\"1024\" height=\"1020\" src=\"https:\/\/projekte.flamal.de\/wiederhier\/wp-content\/uploads\/2023\/03\/Diestel-P1000060-2048x2039-1-1024x1020.jpg\" alt=\"\" class=\"wp-image-667\" srcset=\"https:\/\/projekte.flamal.de\/wiederhier\/wp-content\/uploads\/2023\/03\/Diestel-P1000060-2048x2039-1-1024x1020.jpg 1024w, https:\/\/projekte.flamal.de\/wiederhier\/wp-content\/uploads\/2023\/03\/Diestel-P1000060-2048x2039-1-300x300.jpg 300w, https:\/\/projekte.flamal.de\/wiederhier\/wp-content\/uploads\/2023\/03\/Diestel-P1000060-2048x2039-1-150x150.jpg 150w, https:\/\/projekte.flamal.de\/wiederhier\/wp-content\/uploads\/2023\/03\/Diestel-P1000060-2048x2039-1-768x765.jpg 768w, https:\/\/projekte.flamal.de\/wiederhier\/wp-content\/uploads\/2023\/03\/Diestel-P1000060-2048x2039-1-1536x1529.jpg 1536w, https:\/\/projekte.flamal.de\/wiederhier\/wp-content\/uploads\/2023\/03\/Diestel-P1000060-2048x2039-1-500x498.jpg 500w, https:\/\/projekte.flamal.de\/wiederhier\/wp-content\/uploads\/2023\/03\/Diestel-P1000060-2048x2039-1-800x796.jpg 800w, https:\/\/projekte.flamal.de\/wiederhier\/wp-content\/uploads\/2023\/03\/Diestel-P1000060-2048x2039-1-1280x1274.jpg 1280w, https:\/\/projekte.flamal.de\/wiederhier\/wp-content\/uploads\/2023\/03\/Diestel-P1000060-2048x2039-1-1920x1912.jpg 1920w, https:\/\/projekte.flamal.de\/wiederhier\/wp-content\/uploads\/2023\/03\/Diestel-P1000060-2048x2039-1.jpg 2048w\" sizes=\"auto, (max-width: 1024px) 100vw, 1024px\" \/><\/figure>\n<\/div>\n<\/div>\n\n\n\n<h1 class=\"has-luminous-vivid-orange-color has-text-color has-medium-font-size wp-block-heading\">\u00d6ffnungszeiten<\/h1>\n\n\n\n<p><strong>M\u00e4rz \u2013 November&nbsp;<br><\/strong>Dienstag \u2013 Freitags<br>13:00 \u2013 17:00 Uhr und nach telefonischer Absprache<br><br><\/p>\n\n\n\n<h1 class=\"has-luminous-vivid-orange-color has-text-color has-medium-font-size wp-block-heading\">Kontakt<\/h1>\n\n\n\n<p>Festnetz: +49 (0) 384 27 64 31 5<br>Mobil: +49 (0) 151 54 64 50 12<br><a href=\"https:\/\/www.haushoppe.de\" target=\"_blank\" rel=\"noreferrer noopener\">www.haushoppe.de<\/a><br><strong><a href=\"mailto:team@haushoppe.de\">team@haushoppe.de<\/a><\/strong><\/p>\n\n\n\n<h2 class=\"has-vivid-cyan-blue-color has-text-color has-medium-font-size wp-block-heading\">So einfach kommen Sie zu uns:<\/h2>\n\n\n\n<p>Nah an der Ostseek\u00fcste, zwischen Wismar und Rostock<\/p>\n\n\n\n<p>A20 von L\u00fcbeck, Rostock oder Berlin kommend fahren Sie bis zum Kreuz Wismar und folgen der Beschilderung \u201eInsel Poel\u201c.<br>In Gro\u00df-Str\u00f6mkendorf teilt sich am Hotel Sch\u00e4fereck die Stra\u00dfe in zwei Richtungen. Fahren Sie rechts ab, dann sehen Sie die Kirchturmspitze von Dreveskirchen. Folgen sie den Hauptstra\u00dfenschildern bis Sie direkt an der Kirche vorbei gefahren sind. Achten Sie hier auf die Geschwindigkeits-Begrenzung 30 Km\/h. Der n\u00e4chste Ort ist Stove. An der Kreuzung angekommen fahren Sie Links ab und folgen nach 100 m dem Hinweisschild Haus Hoppe \u2013 Galerie f\u00fcr Bildende Kunst.<\/p>\n\t\t\t\t\t<div id=\"wp_mapit_XYSt3v0yn2\" class=\"wp_mapit_map\" data-lat=\"54.0069617046\" data-lng=\"11.5493774414\" data-zoom=\"12\" data-type=\"normal\" data-marker=\"https:\/\/projekte.flamal.de\/wiederhier\/wp-content\/plugins\/wp-mapit\/wp_mapit\/images\/map-pin.png\" data-title=\"Haus Hoppe\" data-content=\"\" data-url=\"\" data-width=\"100\" data-width-type=\"per\" data-height=\"500\" data-height-type=\"px\"><\/div>\r\n","protected":false},"excerpt":{"rendered":"<p>Auf einer Ausstellungsfl\u00e4che von ca. 400 m\u00b2 k\u00f6nnen Sie jetzt zahlreiche Gem\u00e4lde und mehrfarbige Holzschnitte [&hellip;]<\/p>\n","protected":false},"author":3,"featured_media":0,"comment_status":"open","ping_status":"open","sticky":false,"template":"","format":"standard","meta":{"_vp_format_video_url":"","_vp_image_focal_point":[],"footnotes":""},"categories":[10,59],"tags":[],"class_list":["post-612","post","type-post","status-publish","format-standard","hentry","category-kunst","category-kunstorte"],"_links":{"self":[{"href":"https:\/\/projekte.flamal.de\/wiederhier\/wp-json\/wp\/v2\/posts\/612","targetHints":{"allow":["GET"]}}],"collection":[{"href":"https:\/\/projekte.flamal.de\/wiederhier\/wp-json\/wp\/v2\/posts"}],"about":[{"href":"https:\/\/projekte.flamal.de\/wiederhier\/wp-json\/wp\/v2\/types\/post"}],"author":[{"embeddable":true,"href":"https:\/\/projekte.flamal.de\/wiederhier\/wp-json\/wp\/v2\/users\/3"}],"replies":[{"embeddable":true,"href":"https:\/\/projekte.flamal.de\/wiederhier\/wp-json\/wp\/v2\/comments?post=612"}],"version-history":[{"count":3,"href":"https:\/\/projekte.flamal.de\/wiederhier\/wp-json\/wp\/v2\/posts\/612\/revisions"}],"predecessor-version":[{"id":668,"href":"https:\/\/projekte.flamal.de\/wiederhier\/wp-json\/wp\/v2\/posts\/612\/revisions\/668"}],"wp:attachment":[{"href":"https:\/\/projekte.flamal.de\/wiederhier\/wp-json\/wp\/v2\/media?parent=612"}],"wp:term":[{"taxonomy":"category","embeddable":true,"href":"https:\/\/projekte.flamal.de\/wiederhier\/wp-json\/wp\/v2\/categories?post=612"},{"taxonomy":"post_tag","embeddable":true,"href":"https:\/\/projekte.flamal.de\/wiederhier\/wp-json\/wp\/v2\/tags?post=612"}],"curies":[{"name":"wp","href":"https:\/\/api.w.org\/{rel}","templated":true}]}}