{"id":597,"date":"2023-02-25T00:07:07","date_gmt":"2023-02-24T23:07:07","guid":{"rendered":"https:\/\/projekte.flamal.de\/wiederhier\/?p=597"},"modified":"2023-02-25T00:27:20","modified_gmt":"2023-02-24T23:27:20","slug":"597","status":"publish","type":"post","link":"https:\/\/projekte.flamal.de\/wiederhier\/allgemein\/597\/","title":{"rendered":"Hansestadt Wismar: Karte &#038; Informationen"},"content":{"rendered":"\n<h2 class=\"has-cyan-bluish-gray-color has-text-color has-medium-font-size wp-block-heading\">Hansestadt Wismar<\/h2>\n\n\n\n<div class=\"wp-block-columns is-layout-flex wp-container-core-columns-is-layout-9d6595d7 wp-block-columns-is-layout-flex\">\n<div class=\"wp-block-column is-layout-flow wp-block-column-is-layout-flow\">\n<p>Die&nbsp;<a href=\"https:\/\/de.wikipedia.org\/wiki\/Hansestadt\">Hansestadt<\/a>&nbsp;<strong>Wismar<\/strong>&nbsp;liegt an der&nbsp;<a href=\"https:\/\/de.wikipedia.org\/wiki\/Ostsee\">Ostseek\u00fcste<\/a>&nbsp;<a href=\"https:\/\/de.wikipedia.org\/wiki\/Mecklenburg-Vorpommern\">Mecklenburg-Vorpommerns<\/a>&nbsp;am s\u00fcdlichen Ende der durch die Insel&nbsp;<a href=\"https:\/\/de.wikipedia.org\/wiki\/Poel\">Poel<\/a>&nbsp;gesch\u00fctzten&nbsp;<a href=\"https:\/\/de.wikipedia.org\/wiki\/Wismarer_Bucht\">Wismarer Bucht<\/a>. Sie ist die&nbsp;<a href=\"https:\/\/de.wikipedia.org\/wiki\/Liste_der_St%C3%A4dte_in_Mecklenburg-Vorpommern\">sechstgr\u00f6\u00dfte Stadt<\/a>&nbsp;und das gr\u00f6\u00dfte der 18&nbsp;<a href=\"https:\/\/de.wikipedia.org\/wiki\/Liste_der_Ober-_und_Mittelzentren_in_Mecklenburg-Vorpommern\">Mittelzentren<\/a>&nbsp;des Landes Mecklenburg-Vorpommern.<\/p>\n<\/div>\n\n\n\n<div class=\"wp-block-column is-layout-flow wp-block-column-is-layout-flow\"><div class=\"wp-block-image\">\n<figure class=\"alignright size-large is-resized\"><img loading=\"lazy\" decoding=\"async\" src=\"https:\/\/upload.wikimedia.org\/wikipedia\/commons\/1\/1d\/Wappen_Wismar.svg\" alt=\"\" width=\"165\" height=\"198\"\/><\/figure>\n<\/div><\/div>\n<\/div>\n\n\n\n<p>Wismar ist&nbsp;<a href=\"https:\/\/de.wikipedia.org\/wiki\/Kreisstadt\">Kreisstadt<\/a>&nbsp;des&nbsp;<a href=\"https:\/\/de.wikipedia.org\/wiki\/Landkreis_Nordwestmecklenburg\">Landkreises Nordwestmecklenburg<\/a>&nbsp;sowie Sitz der&nbsp;<a href=\"https:\/\/de.wikipedia.org\/wiki\/Hochschule_Wismar\">Hochschule Wismar<\/a>. Vor allem aufgrund ihrer kulturhistorischen Bedeutung mit wertvollem Stadtbild und dank der Lage an der Ostsee ist Wismar ein h\u00e4ufig aufgesuchtes&nbsp;<a href=\"https:\/\/de.wikipedia.org\/wiki\/Tourismus_in_Mecklenburg-Vorpommern\">Touristenziel<\/a>, zunehmend auch f\u00fcr&nbsp;<a href=\"https:\/\/de.wikipedia.org\/wiki\/Kreuzfahrt\">Kreuzfahrten<\/a>.<sup><a href=\"https:\/\/de.wikipedia.org\/wiki\/Wismar#cite_note-2\">[2]<\/a><\/sup>&nbsp;Wirtschaftlich bedeutend sind auch die industrielle Hafen- und Schiffswirtschaft etwa mit den&nbsp;<a href=\"https:\/\/de.wikipedia.org\/wiki\/MV_Werften_Wismar\">MV Werften<\/a>&nbsp;und Zulieferern, diverse Maschinenbauunternehmen, die Holzverarbeitung und die&nbsp;<a href=\"https:\/\/de.wikipedia.org\/wiki\/Solarindustrie\">Solarindustrie<\/a>&nbsp;sowie die Gastronomie und der Einzelhandel. Seit 1881 befindet sich in Wismar das&nbsp;<a href=\"https:\/\/de.wikipedia.org\/wiki\/Rudolph-Karstadt-Platz_1_(Wismar)\">Stammhaus der Warenhauskette<\/a>&nbsp;<a href=\"https:\/\/de.wikipedia.org\/wiki\/Karstadt\">Karstadt<\/a>.<\/p>\n\n\n\n<p>Wismar war fr\u00fch Mitglied der&nbsp;<a href=\"https:\/\/de.wikipedia.org\/wiki\/Hanse\">Hanse<\/a>&nbsp;und bl\u00fchte im&nbsp;<a href=\"https:\/\/de.wikipedia.org\/wiki\/Sp%C3%A4tmittelalter\">Sp\u00e4tmittelalter<\/a>&nbsp;auf, was noch heute im Stadtbild durch viele&nbsp;<a href=\"https:\/\/de.wikipedia.org\/wiki\/Backsteingotik\">gotische<\/a>&nbsp;<a href=\"https:\/\/de.wikipedia.org\/wiki\/Liste_der_Baudenkmale_in_Wismar#Wismar\">Baudenkmale<\/a>&nbsp;nachvollziehbar ist. 2002 wurden die Altst\u00e4dte von Wismar und&nbsp;<a href=\"https:\/\/de.wikipedia.org\/wiki\/Stralsund\">Stralsund<\/a>&nbsp;als&nbsp;<em><a href=\"https:\/\/de.wikipedia.org\/wiki\/Historische_Altst%C3%A4dte_Stralsund_und_Wismar\">Historische Altst\u00e4dte Stralsund und Wismar<\/a><\/em>&nbsp;in die&nbsp;<a href=\"https:\/\/de.wikipedia.org\/wiki\/Welterbe_in_Deutschland\">UNESCO-Welterbeliste<\/a>&nbsp;aufgenommen.<\/p>\n\n\n\n<p>Nach dem&nbsp;<a href=\"https:\/\/de.wikipedia.org\/wiki\/Drei%C3%9Figj%C3%A4hriger_Krieg\">Drei\u00dfigj\u00e4hrigen Krieg<\/a>&nbsp;kam Wismar im Jahr 1648 unter die bis 1803 (<em><a href=\"https:\/\/de.wikipedia.org\/wiki\/De_jure\">de jure<\/a><\/em>&nbsp;1903) dauernde&nbsp;<a href=\"https:\/\/de.wikipedia.org\/wiki\/Geschichte_der_Hansestadt_Wismar#Schwedenzeit\">schwedische Herrschaft<\/a>, woran das j\u00e4hrliche Schwedenfest erinnert. Danach geh\u00f6rte die Stadt zu&nbsp;<a href=\"https:\/\/de.wikipedia.org\/wiki\/Mecklenburg-Schwerin\">Mecklenburg-Schwerin<\/a>. Im&nbsp;<a href=\"https:\/\/de.wikipedia.org\/wiki\/Zweiter_Weltkrieg\">Zweiten Weltkrieg<\/a>&nbsp;wurde sie durch mehrere&nbsp;<a href=\"https:\/\/de.wikipedia.org\/wiki\/Luftangriffe_auf_Deutschland\">Bombenangriffe<\/a>&nbsp;getroffen, worunter vor allem das Gotische Viertel mit den Hauptkirchen&nbsp;<a href=\"https:\/\/de.wikipedia.org\/wiki\/Marienkirche_(Wismar)\">St. Marien<\/a>&nbsp;und&nbsp;<a href=\"https:\/\/de.wikipedia.org\/wiki\/Georgenkirche_(Wismar)\">St. Georgen<\/a>&nbsp;sowie der&nbsp;<a href=\"https:\/\/de.wikipedia.org\/wiki\/Alte_Schule_(Wismar)\">Alten Schule<\/a>&nbsp;litt. Viel ist inzwischen wieder aufgebaut und denkmalgerecht saniert worden.<\/p>\n\n\n\n<p class=\"has-small-font-size\"><em>Quelle: <a href=\"https:\/\/www.wikipedia.org\">wikipedia.org<\/a><\/em><\/p>\n\t\t\t\t\t<div id=\"wp_mapit_XpVr6OUha0\" class=\"wp_mapit_map\" data-lat=\"53.8929842901\" data-lng=\"11.4880925487\" data-zoom=\"12\" data-type=\"normal\" data-marker=\"https:\/\/projekte.flamal.de\/wiederhier\/wp-content\/plugins\/wp-mapit\/wp_mapit\/images\/map-pin.png\" data-title=\"Hansestadt Wismat\" data-content=\"\" data-url=\"\" data-width=\"100\" data-width-type=\"per\" data-height=\"500\" data-height-type=\"px\"><\/div>\r\n","protected":false},"excerpt":{"rendered":"<p>Hansestadt Wismar Die&nbsp;Hansestadt&nbsp;Wismar&nbsp;liegt an der&nbsp;Ostseek\u00fcste&nbsp;Mecklenburg-Vorpommerns&nbsp;am s\u00fcdlichen Ende der durch die Insel&nbsp;Poel&nbsp;gesch\u00fctzten&nbsp;Wismarer Bucht. Sie ist die&nbsp;sechstgr\u00f6\u00dfte [&hellip;]<\/p>\n","protected":false},"author":3,"featured_media":275,"comment_status":"open","ping_status":"open","sticky":false,"template":"","format":"standard","meta":{"_vp_format_video_url":"","_vp_image_focal_point":[],"footnotes":""},"categories":[1,20,54],"tags":[],"class_list":["post-597","post","type-post","status-publish","format-standard","has-post-thumbnail","hentry","category-allgemein","category-infos","category-orte"],"_links":{"self":[{"href":"https:\/\/projekte.flamal.de\/wiederhier\/wp-json\/wp\/v2\/posts\/597","targetHints":{"allow":["GET"]}}],"collection":[{"href":"https:\/\/projekte.flamal.de\/wiederhier\/wp-json\/wp\/v2\/posts"}],"about":[{"href":"https:\/\/projekte.flamal.de\/wiederhier\/wp-json\/wp\/v2\/types\/post"}],"author":[{"embeddable":true,"href":"https:\/\/projekte.flamal.de\/wiederhier\/wp-json\/wp\/v2\/users\/3"}],"replies":[{"embeddable":true,"href":"https:\/\/projekte.flamal.de\/wiederhier\/wp-json\/wp\/v2\/comments?post=597"}],"version-history":[{"count":4,"href":"https:\/\/projekte.flamal.de\/wiederhier\/wp-json\/wp\/v2\/posts\/597\/revisions"}],"predecessor-version":[{"id":601,"href":"https:\/\/projekte.flamal.de\/wiederhier\/wp-json\/wp\/v2\/posts\/597\/revisions\/601"}],"wp:featuredmedia":[{"embeddable":true,"href":"https:\/\/projekte.flamal.de\/wiederhier\/wp-json\/wp\/v2\/media\/275"}],"wp:attachment":[{"href":"https:\/\/projekte.flamal.de\/wiederhier\/wp-json\/wp\/v2\/media?parent=597"}],"wp:term":[{"taxonomy":"category","embeddable":true,"href":"https:\/\/projekte.flamal.de\/wiederhier\/wp-json\/wp\/v2\/categories?post=597"},{"taxonomy":"post_tag","embeddable":true,"href":"https:\/\/projekte.flamal.de\/wiederhier\/wp-json\/wp\/v2\/tags?post=597"}],"curies":[{"name":"wp","href":"https:\/\/api.w.org\/{rel}","templated":true}]}}