{"id":54,"date":"2023-02-14T11:05:08","date_gmt":"2023-02-14T10:05:08","guid":{"rendered":"https:\/\/projekte.flamal.de\/wiederhier\/?p=54"},"modified":"2023-02-25T01:16:23","modified_gmt":"2023-02-25T00:16:23","slug":"insel-poel-karte-info","status":"publish","type":"post","link":"https:\/\/projekte.flamal.de\/wiederhier\/allgemein\/insel-poel-karte-info\/","title":{"rendered":"Insel Poel: Karte &#038; Informationen"},"content":{"rendered":"<div id=\"wp_osm_\" class=\"wp_osm\" style=\"width: 100%; height: 400px\" data-lon=\"7162970\" data-lat=\"1281420\" data-zoom=\"10\">\r\n\r\n\t<div class=\"ol-popup\">\r\n\r\n\t    <a href=\"#\" class=\"ol-popup-closer\"><\/a>\r\n\r\n\t    <div class=\"popup-content\"><\/div>\r\n\r\n\t<\/div>\r\n\r\n\t<div class=\"marker\" data-icon=\"https:\/\/projekte.flamal.de\/wiederhier\/wp-content\/plugins\/wp-open-street-map\/images\/markers\/marker.png\" data-lon=\"1271200\" data-lat=\"7172550\" data-name=\"Schwarzer Busch\" data-description=\"\"><\/div>\r\n<\/div>\n\n\n\n<h2 class=\"wp-block-heading\">Informationen<\/h2>\n\n\n\n<p>Die Insel&nbsp;<strong>Poel<\/strong>&nbsp;[<a href=\"https:\/\/de.wikipedia.org\/wiki\/Liste_der_IPA-Zeichen\">p\u00f8\u02d0l<\/a>] liegt rund 10 km n\u00f6rdlich von&nbsp;<a href=\"https:\/\/de.wikipedia.org\/wiki\/Wismar\">Wismar<\/a>&nbsp;in der&nbsp;<a href=\"https:\/\/de.wikipedia.org\/wiki\/Wismarer_Bucht\">Wismarer Bucht<\/a>&nbsp;in der&nbsp;<a href=\"https:\/\/de.wikipedia.org\/wiki\/Ostsee\">Ostsee<\/a>. Von S\u00fcden her schneidet eine Bucht tief in die Insel ein, an deren n\u00f6rdlichem Ende das gr\u00f6\u00dfte Dorf der Insel,&nbsp;<a href=\"https:\/\/de.wikipedia.org\/wiki\/Kirchdorf_(Poel)\">Kirchdorf<\/a>, liegt. Dort lebt fast die H\u00e4lfte der rund 2500 Einwohner Poels.<\/p>\n\n\n\n<p>Die Insel entstand vor etwa 24.000 Jahren, doch selbst nach dem Abschmelzen der Gletscher lag sie in einer arktischen Umgebung, die f\u00fcr Menschen wohl noch nicht bewohnbar war. Erst durch ein milderes Klima stellte sich auch Baumbewuchs ein, mit einer entsprechenden&nbsp;<a href=\"https:\/\/de.wikipedia.org\/wiki\/Fauna\">Fauna<\/a>.<\/p>\n\n\n\n<p>Von&nbsp;<a href=\"https:\/\/de.wikipedia.org\/wiki\/J%C3%A4ger_und_Sammler\">J\u00e4gern und Sammlern<\/a>&nbsp;ist die Insel mindestens seit dem 6. Jahrtausend v. Chr. bewohnt, die Meeresressourcen wurden lange Zeit kaum genutzt. Ab der zweiten H\u00e4lfte des 5. Jahrtausends erfolgte der \u00dcbergang zur b\u00e4uerlichen Lebensweise, zum&nbsp;<a href=\"https:\/\/de.wikipedia.org\/wiki\/Jungsteinzeit\">Neolithikum<\/a>. Ein&nbsp;<a href=\"https:\/\/de.wikipedia.org\/wiki\/H%C3%BCgelgrab\">H\u00fcgelgrab<\/a>&nbsp;aus der&nbsp;<a href=\"https:\/\/de.wikipedia.org\/wiki\/Bronzezeit\">Bronzezeit<\/a>&nbsp;und&nbsp;<a href=\"https:\/\/de.wikipedia.org\/wiki\/Artefakt_(Arch%C3%A4ologie)\">Artefakte<\/a>&nbsp;der&nbsp;<a href=\"https:\/\/de.wikipedia.org\/wiki\/Eisenzeit\">Eisenzeit<\/a>&nbsp;belegen die Siedlungskontinuit\u00e4t. Um die Zeitenwende lebten&nbsp;<a href=\"https:\/\/de.wikipedia.org\/wiki\/Germanen\">Germanen<\/a>&nbsp;auf Poel, denen wiederum im Fr\u00fchmittelalter slawische&nbsp;<a href=\"https:\/\/de.wikipedia.org\/wiki\/Abodriten\">Abodriten<\/a>&nbsp;folgten. 1163 kam die Insel an das L\u00fcbecker&nbsp;<a href=\"https:\/\/de.wikipedia.org\/wiki\/Domkapitel\">Domkapitel<\/a>. Mit der bald einsetzenden&nbsp;<a href=\"https:\/\/de.wikipedia.org\/wiki\/Hochmittelalterliche_Ostsiedlung\">deutschen Besiedlung<\/a>&nbsp;wurde das&nbsp;<a href=\"https:\/\/de.wikipedia.org\/wiki\/Lehnswesen\">Lehnswesen<\/a>&nbsp;auf die Insel \u00fcbertragen, die kleine slawische Gruppe verschwand kulturell. In dieser Zeit entstand in&nbsp;<a href=\"https:\/\/de.wikipedia.org\/wiki\/Kirchdorf_(Poel)\">Kirchdorf<\/a>&nbsp;die erhalten gebliebene Kirche. Im 14. und 15. Jahrhundert geh\u00f6rte die&nbsp;<a href=\"https:\/\/de.wikipedia.org\/wiki\/Grundherrschaft\">Grundherrschaft<\/a>&nbsp;auf Poel der L\u00fcbecker Kirche und einigen Rittern; die&nbsp;<a href=\"https:\/\/de.wikipedia.org\/wiki\/Herzogtum_Mecklenburg\">mecklenburgischen Herz\u00f6ge<\/a>&nbsp;brachten die Grundherrschaft 1555 wieder an sich und bauten sie zur&nbsp;<a href=\"https:\/\/de.wikipedia.org\/wiki\/Gutsherrschaft\">Gutsherrschaft<\/a>&nbsp;aus; es entstand eine Festung und ein Schloss \u2013 beide verfielen jedoch ab dem 17. Jahrhundert. Von 1648 bis ins 19. Jahrhundert geh\u00f6rte Poel mit Wismar und&nbsp;<a href=\"https:\/\/de.wikipedia.org\/wiki\/Neukloster\">Neukloster<\/a>&nbsp;zu Schweden, Ende des 18. Jahrhunderts begann die&nbsp;<a href=\"https:\/\/de.wikipedia.org\/wiki\/Bauernbefreiung\">Bauernbefreiung<\/a>. W\u00e4hrend der Kriege der&nbsp;<a href=\"https:\/\/de.wikipedia.org\/wiki\/Reformation\">Reformationszeit<\/a>&nbsp;wurde die Insel mehrfach gepl\u00fcndert, doch im&nbsp;<a href=\"https:\/\/de.wikipedia.org\/wiki\/Drei%C3%9Figj%C3%A4hriger_Krieg\">Drei\u00dfigj\u00e4hrigen Krieg<\/a>&nbsp;war sie weniger hart betroffen, als das \u00fcbrige Mecklenburg. Im 18. Jahrhundert war Poel an Wismar&nbsp;<a href=\"https:\/\/de.wikipedia.org\/wiki\/Verpf%C3%A4ndung\">verpf\u00e4ndet<\/a>, dann ab 1802 an Mecklenburg. Formal endete die schwedische Herrschaft erst 1903. Eine Anbindung an das Festland durch eine Br\u00fccke entstand erst 1927. Gegen Ende des&nbsp;<a href=\"https:\/\/de.wikipedia.org\/wiki\/Zweiter_Weltkrieg\">Zweiten Weltkriegs<\/a>&nbsp;verdoppelte sich die Bev\u00f6lkerung durch&nbsp;<a href=\"https:\/\/de.wikipedia.org\/wiki\/Flucht_und_Vertreibung_Deutscher_aus_Mittel-_und_Osteuropa_1945%E2%80%931950\">Fl\u00fcchtlinge aus Ostdeutschland<\/a>. In den Jahrzehnten danach wurde die Landwirtschaft kollektiviert,&nbsp;<a href=\"https:\/\/de.wikipedia.org\/wiki\/Saatzucht\">Saatzucht<\/a>&nbsp;wurde ein wichtiger Wirtschaftszweig. Inzwischen hat der&nbsp;<a href=\"https:\/\/de.wikipedia.org\/wiki\/Tourismus\">Tourismus<\/a>&nbsp;eine bedeutende Rolle erlangt.<\/p>\n\n\n\n<p>Die amtsfreie Gemeinde&nbsp;<strong>Insel Poel<\/strong>&nbsp;umfasst die Insel sowie die nord\u00f6stlich vorgelagerte Insel&nbsp;<a href=\"https:\/\/de.wikipedia.org\/wiki\/Langenwerder\">Langenwerder<\/a>, ein Vogelschutzgebiet. Poel geh\u00f6rt zum&nbsp;<a href=\"https:\/\/de.wikipedia.org\/wiki\/Landkreis_Nordwestmecklenburg\">Landkreis Nordwestmecklenburg<\/a>&nbsp;in Mecklenburg-Vorpommern. 1997 wurde Insel staatlich anerkannter Erholungsort, seit 2004 tr\u00e4gt die Gemeinde den Titel \u201eOstseebad\u201c.<\/p>\n\n\n\n<p>Quelle: <a href=\"https:\/\/de.wikipedia.org\/wiki\/Poel\">wikipedia.org<\/a><\/p>\n","protected":false},"excerpt":{"rendered":"<p>Informationen Die Insel&nbsp;Poel&nbsp;[p\u00f8\u02d0l] liegt rund 10 km n\u00f6rdlich von&nbsp;Wismar&nbsp;in der&nbsp;Wismarer Bucht&nbsp;in der&nbsp;Ostsee. Von S\u00fcden her [&hellip;]<\/p>\n","protected":false},"author":3,"featured_media":275,"comment_status":"open","ping_status":"open","sticky":false,"template":"","format":"standard","meta":{"_vp_format_video_url":"","_vp_image_focal_point":[],"footnotes":""},"categories":[1,20,7,54],"tags":[],"class_list":["post-54","post","type-post","status-publish","format-standard","has-post-thumbnail","hentry","category-allgemein","category-infos","category-meer","category-orte"],"_links":{"self":[{"href":"https:\/\/projekte.flamal.de\/wiederhier\/wp-json\/wp\/v2\/posts\/54","targetHints":{"allow":["GET"]}}],"collection":[{"href":"https:\/\/projekte.flamal.de\/wiederhier\/wp-json\/wp\/v2\/posts"}],"about":[{"href":"https:\/\/projekte.flamal.de\/wiederhier\/wp-json\/wp\/v2\/types\/post"}],"author":[{"embeddable":true,"href":"https:\/\/projekte.flamal.de\/wiederhier\/wp-json\/wp\/v2\/users\/3"}],"replies":[{"embeddable":true,"href":"https:\/\/projekte.flamal.de\/wiederhier\/wp-json\/wp\/v2\/comments?post=54"}],"version-history":[{"count":6,"href":"https:\/\/projekte.flamal.de\/wiederhier\/wp-json\/wp\/v2\/posts\/54\/revisions"}],"predecessor-version":[{"id":276,"href":"https:\/\/projekte.flamal.de\/wiederhier\/wp-json\/wp\/v2\/posts\/54\/revisions\/276"}],"wp:featuredmedia":[{"embeddable":true,"href":"https:\/\/projekte.flamal.de\/wiederhier\/wp-json\/wp\/v2\/media\/275"}],"wp:attachment":[{"href":"https:\/\/projekte.flamal.de\/wiederhier\/wp-json\/wp\/v2\/media?parent=54"}],"wp:term":[{"taxonomy":"category","embeddable":true,"href":"https:\/\/projekte.flamal.de\/wiederhier\/wp-json\/wp\/v2\/categories?post=54"},{"taxonomy":"post_tag","embeddable":true,"href":"https:\/\/projekte.flamal.de\/wiederhier\/wp-json\/wp\/v2\/tags?post=54"}],"curies":[{"name":"wp","href":"https:\/\/api.w.org\/{rel}","templated":true}]}}