{"id":289,"date":"2023-02-15T15:06:00","date_gmt":"2023-02-15T14:06:00","guid":{"rendered":"https:\/\/projekte.flamal.de\/wiederhier\/?p=289"},"modified":"2023-02-25T00:30:26","modified_gmt":"2023-02-24T23:30:26","slug":"schwedenfest-wismar","status":"publish","type":"post","link":"https:\/\/projekte.flamal.de\/wiederhier\/demovideo\/schwedenfest-wismar\/","title":{"rendered":"Schwedenfest Wismar"},"content":{"rendered":"\n<p>Das Schwedenfest findet allj\u00e4hrlich im August statt und erinnert an die 155-j\u00e4hrige Zugeh\u00f6rigkeit Wismars zu Schweden. W\u00e4hrend des Drei\u00dfigj\u00e4hrigen Krieges wurde die Stadt von den Schweden eingenommen. Im Friedensvertrag von Osnabr\u00fcck von 1648 gelangte die \u201eStadt und Herrschaft Wismar\u201c endg\u00fcltig in den Besitz der schwedischen Krone und des Reiches Schweden. 1803 wurde ein Pfandvertrag geschlossen, mit dem die Stadt und Herrschaft Wismar samt der \u00c4mter Poel und Neukloster an den Herzog von Mecklenburg abgetreten wurde. Das Recht der Wiedereinl\u00f6sung durch Schweden wurde nicht wahrgenommen, sodass Wismar 1903 endg\u00fcltig nach Mecklenburg zur\u00fcckkehrte.&nbsp;<\/p>\n\n\n\n<p>Diese R\u00fcckkehr zu Mecklenburg feiert Wismar! Einheimische und G\u00e4ste werden in Wismars Schwedenzeit entf\u00fchrt. Mit Walking-Acts auf dem Marktplatz werden historische Szenen dargestellt, um einen Eindruck des Lebens in dieser Zeit zu vermitteln.&nbsp;<\/p>\n\n\n\n<p>Weitere Infos unter <a href=\"http:\/\/schwedenfest-wismar.de\/\">Schwedenfest Wismar<\/a>.<\/p>\n\n\n<div class=\"epyt-video-wrapper\"><div  id=\"_ytid_32883\"  width=\"800\" height=\"450\"  data-origwidth=\"800\" data-origheight=\"450\"  data-relstop=\"1\" data-facadesrc=\"https:\/\/www.youtube.com\/embed\/t5O4xsyIXfE?enablejsapi=1&#038;autoplay=0&#038;cc_load_policy=0&#038;iv_load_policy=1&#038;loop=0&#038;modestbranding=1&#038;fs=1&#038;playsinline=0&#038;controls=1&#038;color=red&#038;cc_lang_pref=&#038;rel=0&#038;autohide=2&#038;theme=dark&#038;\" class=\"__youtube_prefs__ epyt-facade no-lazyload\" data-epautoplay=\"1\" ><img decoding=\"async\" data-spai-excluded=\"true\" class=\"epyt-facade-poster skip-lazy\" loading=\"lazy\"  alt=\"YouTube player\"  src=\"https:\/\/i.ytimg.com\/vi\/t5O4xsyIXfE\/maxresdefault.jpg\"  \/><button class=\"epyt-facade-play\" aria-label=\"Play\"><svg data-no-lazy=\"1\" height=\"100%\" version=\"1.1\" viewBox=\"0 0 68 48\" width=\"100%\"><path class=\"ytp-large-play-button-bg\" d=\"M66.52,7.74c-0.78-2.93-2.49-5.41-5.42-6.19C55.79,.13,34,0,34,0S12.21,.13,6.9,1.55 C3.97,2.33,2.27,4.81,1.48,7.74C0.06,13.05,0,24,0,24s0.06,10.95,1.48,16.26c0.78,2.93,2.49,5.41,5.42,6.19 C12.21,47.87,34,48,34,48s21.79-0.13,27.1-1.55c2.93-0.78,4.64-3.26,5.42-6.19C67.94,34.95,68,24,68,24S67.94,13.05,66.52,7.74z\" fill=\"#f00\"><\/path><path d=\"M 45,24 27,14 27,34\" fill=\"#fff\"><\/path><\/svg><\/button><\/div><\/div>","protected":false},"excerpt":{"rendered":"<p>Das Schwedenfest findet allj\u00e4hrlich im August statt und erinnert an die 155-j\u00e4hrige Zugeh\u00f6rigkeit Wismars zu [&hellip;]<\/p>\n","protected":false},"author":3,"featured_media":296,"comment_status":"open","ping_status":"open","sticky":false,"template":"","format":"standard","meta":{"_vp_format_video_url":"","_vp_image_focal_point":[],"footnotes":""},"categories":[55,15,17],"tags":[],"class_list":["post-289","post","type-post","status-publish","format-standard","has-post-thumbnail","hentry","category-archiv","category-demovideo","category-events"],"_links":{"self":[{"href":"https:\/\/projekte.flamal.de\/wiederhier\/wp-json\/wp\/v2\/posts\/289","targetHints":{"allow":["GET"]}}],"collection":[{"href":"https:\/\/projekte.flamal.de\/wiederhier\/wp-json\/wp\/v2\/posts"}],"about":[{"href":"https:\/\/projekte.flamal.de\/wiederhier\/wp-json\/wp\/v2\/types\/post"}],"author":[{"embeddable":true,"href":"https:\/\/projekte.flamal.de\/wiederhier\/wp-json\/wp\/v2\/users\/3"}],"replies":[{"embeddable":true,"href":"https:\/\/projekte.flamal.de\/wiederhier\/wp-json\/wp\/v2\/comments?post=289"}],"version-history":[{"count":4,"href":"https:\/\/projekte.flamal.de\/wiederhier\/wp-json\/wp\/v2\/posts\/289\/revisions"}],"predecessor-version":[{"id":294,"href":"https:\/\/projekte.flamal.de\/wiederhier\/wp-json\/wp\/v2\/posts\/289\/revisions\/294"}],"wp:featuredmedia":[{"embeddable":true,"href":"https:\/\/projekte.flamal.de\/wiederhier\/wp-json\/wp\/v2\/media\/296"}],"wp:attachment":[{"href":"https:\/\/projekte.flamal.de\/wiederhier\/wp-json\/wp\/v2\/media?parent=289"}],"wp:term":[{"taxonomy":"category","embeddable":true,"href":"https:\/\/projekte.flamal.de\/wiederhier\/wp-json\/wp\/v2\/categories?post=289"},{"taxonomy":"post_tag","embeddable":true,"href":"https:\/\/projekte.flamal.de\/wiederhier\/wp-json\/wp\/v2\/tags?post=289"}],"curies":[{"name":"wp","href":"https:\/\/api.w.org\/{rel}","templated":true}]}}