{"id":228,"date":"2023-02-15T11:16:29","date_gmt":"2023-02-15T10:16:29","guid":{"rendered":"https:\/\/projekte.flamal.de\/wiederhier\/?p=228"},"modified":"2023-02-25T00:33:54","modified_gmt":"2023-02-24T23:33:54","slug":"nordwestmecklenburg-karte-infos","status":"publish","type":"post","link":"https:\/\/projekte.flamal.de\/wiederhier\/allgemein\/nordwestmecklenburg-karte-infos\/","title":{"rendered":"Nordwestmecklenburg: Karte &#038; Informationen"},"content":{"rendered":"\n<div class=\"wp-block-columns is-layout-flex wp-container-core-columns-is-layout-9d6595d7 wp-block-columns-is-layout-flex\">\n<div class=\"wp-block-column is-layout-flow wp-block-column-is-layout-flow\">\n<p>Der&nbsp;<strong>Landkreis Nordwestmecklenburg<\/strong>&nbsp;ist ein&nbsp;<a href=\"https:\/\/de.wikipedia.org\/wiki\/Landkreis\">Landkreis<\/a>&nbsp;im Nordwesten des Bundeslandes&nbsp;<a href=\"https:\/\/de.wikipedia.org\/wiki\/Mecklenburg-Vorpommern\">Mecklenburg-Vorpommern<\/a>&nbsp;an der Ostseek\u00fcste. Zum Kreisgebiet geh\u00f6rt neben dem Festland die Ostseeinsel&nbsp;<a href=\"https:\/\/de.wikipedia.org\/wiki\/Poel\">Poel<\/a>. Nachbarkreise sind im Osten der&nbsp;<a href=\"https:\/\/de.wikipedia.org\/wiki\/Landkreis_Rostock\">Landkreis Rostock<\/a>, im S\u00fcden die kreisfreie Stadt&nbsp;<a href=\"https:\/\/de.wikipedia.org\/wiki\/Schwerin\">Schwerin<\/a>&nbsp;und der&nbsp;<a href=\"https:\/\/de.wikipedia.org\/wiki\/Landkreis_Ludwigslust-Parchim\">Landkreis Ludwigslust-Parchim<\/a>&nbsp;sowie im Westen der schleswig-holsteinische&nbsp;<a href=\"https:\/\/de.wikipedia.org\/wiki\/Kreis_Herzogtum_Lauenburg\">Kreis Herzogtum Lauenburg<\/a>&nbsp;und die kreisfreie Stadt&nbsp;<a href=\"https:\/\/de.wikipedia.org\/wiki\/L%C3%BCbeck\">L\u00fcbeck<\/a>. Kreisstadt ist seit dem&nbsp;<a href=\"https:\/\/de.wikipedia.org\/wiki\/Kreisgebietsreform_Mecklenburg-Vorpommern_2011\">4. September 2011<\/a>&nbsp;die&nbsp;<a href=\"https:\/\/de.wikipedia.org\/wiki\/Hansestadt\">Hansestadt<\/a>&nbsp;<a href=\"https:\/\/de.wikipedia.org\/wiki\/Wismar\">Wismar<\/a>. In der vorigen Kreisstadt&nbsp;<a href=\"https:\/\/de.wikipedia.org\/wiki\/Grevesm%C3%BChlen\">Grevesm\u00fchlen<\/a>&nbsp;besteht eine Au\u00dfenstelle der Verwaltung weiter.<\/p>\n<\/div>\n\n\n\n<div class=\"wp-block-column is-layout-flow wp-block-column-is-layout-flow\"><div class=\"wp-block-image\">\n<figure class=\"alignright size-full\"><img loading=\"lazy\" decoding=\"async\" width=\"851\" height=\"568\" src=\"https:\/\/projekte.flamal.de\/wiederhier\/wp-content\/uploads\/2023\/02\/Ohne-Titel.jpeg\" alt=\"\" class=\"wp-image-229\" srcset=\"https:\/\/projekte.flamal.de\/wiederhier\/wp-content\/uploads\/2023\/02\/Ohne-Titel.jpeg 851w, https:\/\/projekte.flamal.de\/wiederhier\/wp-content\/uploads\/2023\/02\/Ohne-Titel-300x200.jpeg 300w, https:\/\/projekte.flamal.de\/wiederhier\/wp-content\/uploads\/2023\/02\/Ohne-Titel-768x513.jpeg 768w\" sizes=\"auto, (max-width: 851px) 100vw, 851px\" \/><figcaption class=\"wp-element-caption\">Flagge Nordwestmecklenburg<\/figcaption><\/figure>\n<\/div><\/div>\n<\/div>\n\n\n\n<p><\/p>\n\n\n\n<h2 class=\"has-medium-font-size wp-block-heading\"><mark style=\"background-color:rgba(0, 0, 0, 0)\" class=\"has-inline-color has-vivid-cyan-blue-color\">Geographie<\/mark><\/h2>\n\n\n\n<p>Nordwestmecklenburg geh\u00f6rt zum Landesteil&nbsp;<a href=\"https:\/\/de.wikipedia.org\/wiki\/Westmecklenburg\">Westmecklenburg<\/a>&nbsp;und hat am&nbsp;<a href=\"https:\/\/de.wikipedia.org\/wiki\/Kl%C3%BCtzer_Winkel\">Kl\u00fctzer Winkel<\/a>&nbsp;sowie \u00f6stlich von&nbsp;<a href=\"https:\/\/de.wikipedia.org\/wiki\/Wismar\">Wismar<\/a>&nbsp;bei der Insel&nbsp;<a href=\"https:\/\/de.wikipedia.org\/wiki\/Poel\">Poel<\/a>&nbsp;Anteil an der&nbsp;<a href=\"https:\/\/de.wikipedia.org\/wiki\/Ostsee\">Ostseek\u00fcste<\/a>&nbsp;der&nbsp;<a href=\"https:\/\/de.wikipedia.org\/wiki\/Mecklenburger_Bucht\">Mecklenburger Bucht<\/a>. Der im Gemeindegebiet Passee liegende 118 Meter hohe L\u00fcnenberg ist die h\u00f6chste Erhebung des Landkreises.<\/p>\n\n\n\n<p>Gr\u00f6\u00dfere Seen befinden sich mit dem&nbsp;<a href=\"https:\/\/de.wikipedia.org\/wiki\/Neuklostersee\">Neuklostersee<\/a>,&nbsp;<a href=\"https:\/\/de.wikipedia.org\/wiki\/Gro%C3%9Fer_Wariner_See\">Gro\u00dfen Wariner See<\/a>&nbsp;und dem&nbsp;<a href=\"https:\/\/de.wikipedia.org\/wiki\/Gro%C3%9F_Labenzer_See\">Gro\u00df Labenzer See<\/a>&nbsp;im Bereich der&nbsp;<a href=\"https:\/\/de.wikipedia.org\/wiki\/Sternberger_Seenlandschaft\">Sternberger Seenlandschaft<\/a>&nbsp;im Osten des Landkreises, zudem geh\u00f6rt der&nbsp;<a href=\"https:\/\/de.wikipedia.org\/wiki\/Schweriner_See\">Schweriner Au\u00dfensee<\/a>&nbsp;zum Kreisterritorium. Im Westen grenzt der Landkreis an den&nbsp;<a href=\"https:\/\/de.wikipedia.org\/wiki\/Schaalsee\">Schaalsee<\/a>. Gr\u00f6\u00dfere Fl\u00fcsse gibt es im Landkreis nicht. Erw\u00e4hnenswerte Flie\u00dfgew\u00e4sser sind die&nbsp;<a href=\"https:\/\/de.wikipedia.org\/wiki\/Wakenitz\">Wakenitz<\/a>&nbsp;als Grenzfluss zwischen Mecklenburg-Vorpommern und Schleswig-Holstein, der&nbsp;<a href=\"https:\/\/de.wikipedia.org\/wiki\/Br%C3%BCeler_Bach\">Br\u00fceler Bach<\/a>, die&nbsp;<a href=\"https:\/\/de.wikipedia.org\/wiki\/Stepenitz_(Trave)\">Stepenitz<\/a>&nbsp;und der&nbsp;<a href=\"https:\/\/de.wikipedia.org\/wiki\/Wallensteingraben\">Wallensteingraben<\/a>&nbsp;sowie mehr unter historischen Aspekten die&nbsp;<a href=\"https:\/\/de.wikipedia.org\/wiki\/Harkenb%C3%A4k\">Harkenb\u00e4k<\/a>.<\/p>\n\n\n\n<p><a href=\"https:\/\/de.wikipedia.org\/wiki\/Raumordnung\">Raumordnerisch<\/a>&nbsp;kann der Landkreis durch seine Zugeh\u00f6rigkeit zur&nbsp;<a href=\"https:\/\/de.wikipedia.org\/wiki\/Metropolregion_Hamburg\">Metropolregion Hamburg<\/a>&nbsp;sowie die Lage zwischen den Metropolregionen von&nbsp;<a href=\"https:\/\/de.wikipedia.org\/wiki\/Metropolregion_Berlin\/Brandenburg\">Berlin<\/a>&nbsp;und&nbsp;<a href=\"https:\/\/de.wikipedia.org\/wiki\/%C3%96resundregion\">Kopenhagen-Malm\u00f6<\/a>&nbsp;profitieren, ebenso durch die&nbsp;<a href=\"https:\/\/de.wikipedia.org\/wiki\/Regiopole\">Regiopole<\/a>&nbsp;<a href=\"https:\/\/de.wikipedia.org\/wiki\/Rostock\">Rostock<\/a>&nbsp;und durch&nbsp;<a href=\"https:\/\/de.wikipedia.org\/wiki\/Stettin\">Stettin<\/a>&nbsp;mit seinem grenz\u00fcbergreifenden&nbsp;<a href=\"https:\/\/de.wikipedia.org\/wiki\/Agglomeration_Stettin\">Ballungsraum<\/a>.<\/p>\n\n\n\n<p><\/p>\n\n\n\n<h2 class=\"has-vivid-red-color has-text-color has-medium-font-size wp-block-heading\">Geschichte<\/h2>\n\n\n\n<p>Der Landkreis entstand 1994 durch Zusammenlegung der Kreise&nbsp;<a href=\"https:\/\/de.wikipedia.org\/wiki\/Kreis_Gadebusch\">Gadebusch<\/a>&nbsp;(GDB),&nbsp;<a href=\"https:\/\/de.wikipedia.org\/wiki\/Kreis_Grevesm%C3%BChlen\">Grevesm\u00fchlen<\/a>&nbsp;(GVM) und&nbsp;<a href=\"https:\/\/de.wikipedia.org\/wiki\/Kreis_Wismar\">Wismar<\/a>&nbsp;(WIS) sowie Teilen der Kreise&nbsp;<a href=\"https:\/\/de.wikipedia.org\/wiki\/Kreis_Sternberg\">Sternberg<\/a>&nbsp;(STB) und&nbsp;<a href=\"https:\/\/de.wikipedia.org\/wiki\/Kreis_Schwerin-Land\">Schwerin-Land<\/a>&nbsp;(SN).<\/p>\n\n\n\n<p>Im Zuge der&nbsp;<a href=\"https:\/\/de.wikipedia.org\/wiki\/Kreisgebietsreform_Mecklenburg-Vorpommern_2011\">Kreisgebietsreform Mecklenburg-Vorpommern 2011<\/a>&nbsp;kam zum Landkreis Nordwestmecklenburg die bis dahin kreisfreie Hansestadt&nbsp;<a href=\"https:\/\/de.wikipedia.org\/wiki\/Wismar\">Wismar<\/a>&nbsp;hinzu. Sie ist seitdem auch Kreissitz des Landkreises und l\u00f6ste Grevesm\u00fchlen ab. Dort verbleiben jedoch vorerst gro\u00dfe Teile der Verwaltung im bisherigen Sitz, der historischen Malzfabrik.<\/p>\n\n\n\n<h2 class=\"has-vivid-green-cyan-color has-text-color has-medium-font-size wp-block-heading\">Karte<\/h2>\n\t\t\t\t\t<div id=\"wp_mapit_SDtXLoKNM8\" class=\"wp_mapit_map\" data-lat=\"53.7959709262\" data-lng=\"11.2823108956\" data-zoom=\"9\" data-type=\"normal\" data-marker=\"https:\/\/projekte.flamal.de\/wiederhier\/wp-content\/plugins\/wp-mapit\/wp_mapit\/images\/map-pin.png\" data-title=\"Nordwestmecklenburg\" data-content=\"\" data-url=\"\" data-width=\"100\" data-width-type=\"per\" data-height=\"500\" data-height-type=\"px\"><\/div>\r\n","protected":false},"excerpt":{"rendered":"<p>Der&nbsp;Landkreis Nordwestmecklenburg&nbsp;ist ein&nbsp;Landkreis&nbsp;im Nordwesten des Bundeslandes&nbsp;Mecklenburg-Vorpommern&nbsp;an der Ostseek\u00fcste. Zum Kreisgebiet geh\u00f6rt neben dem Festland die [&hellip;]<\/p>\n","protected":false},"author":3,"featured_media":275,"comment_status":"open","ping_status":"open","sticky":false,"template":"","format":"standard","meta":{"_vp_format_video_url":"","_vp_image_focal_point":[],"footnotes":""},"categories":[1,20,54],"tags":[],"class_list":["post-228","post","type-post","status-publish","format-standard","has-post-thumbnail","hentry","category-allgemein","category-infos","category-orte"],"_links":{"self":[{"href":"https:\/\/projekte.flamal.de\/wiederhier\/wp-json\/wp\/v2\/posts\/228","targetHints":{"allow":["GET"]}}],"collection":[{"href":"https:\/\/projekte.flamal.de\/wiederhier\/wp-json\/wp\/v2\/posts"}],"about":[{"href":"https:\/\/projekte.flamal.de\/wiederhier\/wp-json\/wp\/v2\/types\/post"}],"author":[{"embeddable":true,"href":"https:\/\/projekte.flamal.de\/wiederhier\/wp-json\/wp\/v2\/users\/3"}],"replies":[{"embeddable":true,"href":"https:\/\/projekte.flamal.de\/wiederhier\/wp-json\/wp\/v2\/comments?post=228"}],"version-history":[{"count":6,"href":"https:\/\/projekte.flamal.de\/wiederhier\/wp-json\/wp\/v2\/posts\/228\/revisions"}],"predecessor-version":[{"id":604,"href":"https:\/\/projekte.flamal.de\/wiederhier\/wp-json\/wp\/v2\/posts\/228\/revisions\/604"}],"wp:featuredmedia":[{"embeddable":true,"href":"https:\/\/projekte.flamal.de\/wiederhier\/wp-json\/wp\/v2\/media\/275"}],"wp:attachment":[{"href":"https:\/\/projekte.flamal.de\/wiederhier\/wp-json\/wp\/v2\/media?parent=228"}],"wp:term":[{"taxonomy":"category","embeddable":true,"href":"https:\/\/projekte.flamal.de\/wiederhier\/wp-json\/wp\/v2\/categories?post=228"},{"taxonomy":"post_tag","embeddable":true,"href":"https:\/\/projekte.flamal.de\/wiederhier\/wp-json\/wp\/v2\/tags?post=228"}],"curies":[{"name":"wp","href":"https:\/\/api.w.org\/{rel}","templated":true}]}}