{"id":124,"date":"2023-02-14T16:12:23","date_gmt":"2023-02-14T15:12:23","guid":{"rendered":"https:\/\/projekte.flamal.de\/wiederhier\/?p=124"},"modified":"2023-02-25T00:31:08","modified_gmt":"2023-02-24T23:31:08","slug":"forstrock-jamel-archiv","status":"publish","type":"post","link":"https:\/\/projekte.flamal.de\/wiederhier\/musik\/forstrock-jamel-archiv\/","title":{"rendered":"Jamel: Forstrock (Archiv)"},"content":{"rendered":"\n<figure class=\"wp-block-embed is-type-video is-provider-youtube wp-block-embed-youtube wp-embed-aspect-16-9 wp-has-aspect-ratio\"><div class=\"wp-block-embed__wrapper\">\n<div class=\"epyt-video-wrapper\"><div  id=\"_ytid_27315\"  width=\"800\" height=\"450\"  data-origwidth=\"800\" data-origheight=\"450\"  data-relstop=\"1\" data-facadesrc=\"https:\/\/www.youtube.com\/embed\/F1DmA7eHtLU?enablejsapi=1&#038;autoplay=0&#038;cc_load_policy=0&#038;iv_load_policy=1&#038;loop=0&#038;modestbranding=1&#038;fs=1&#038;playsinline=0&#038;controls=1&#038;color=red&#038;cc_lang_pref=&#038;rel=0&#038;autohide=2&#038;theme=dark&#038;\" class=\"__youtube_prefs__ epyt-facade epyt-is-override  no-lazyload\" data-epautoplay=\"1\" ><img decoding=\"async\" data-spai-excluded=\"true\" class=\"epyt-facade-poster skip-lazy\" loading=\"lazy\"  alt=\"YouTube player\"  src=\"https:\/\/i.ytimg.com\/vi\/F1DmA7eHtLU\/maxresdefault.jpg\"  \/><button class=\"epyt-facade-play\" aria-label=\"Play\"><svg data-no-lazy=\"1\" height=\"100%\" version=\"1.1\" viewBox=\"0 0 68 48\" width=\"100%\"><path class=\"ytp-large-play-button-bg\" d=\"M66.52,7.74c-0.78-2.93-2.49-5.41-5.42-6.19C55.79,.13,34,0,34,0S12.21,.13,6.9,1.55 C3.97,2.33,2.27,4.81,1.48,7.74C0.06,13.05,0,24,0,24s0.06,10.95,1.48,16.26c0.78,2.93,2.49,5.41,5.42,6.19 C12.21,47.87,34,48,34,48s21.79-0.13,27.1-1.55c2.93-0.78,4.64-3.26,5.42-6.19C67.94,34.95,68,24,68,24S67.94,13.05,66.52,7.74z\" fill=\"#f00\"><\/path><path d=\"M 45,24 27,14 27,34\" fill=\"#fff\"><\/path><\/svg><\/button><\/div><\/div>\n<\/div><figcaption class=\"wp-element-caption\">SD-Demo Video aus 2014 u.a. mit ALPHAVILLE<\/figcaption><\/figure>\n\n\n\n<p class=\"has-text-align-center has-small-font-size\"><em>Kamera: Christian Miles<\/em><\/p>\n\n\n\n<h2 class=\"has-vivid-red-color has-text-color has-medium-font-size wp-block-heading\">Das Festival&#8230;<\/h2>\n\n\n\n<p>Das Dorf Jamel ist von Neonazis gezielt als \u201enationalsozialistisches Musterdorf\u201c besiedelt worden. Das Festival bedeutet seit 2007 Gegenwehr gegen diese Vereinnahmung und soll den Nazis demonstrieren, dass ihnen \u201edemokratischer Gegenwind\u201c entgegen bl\u00e4st.<\/p>\n\n\n\n<p>Informationen zum Festival gibt es auf der&nbsp;<a href=\"http:\/\/forstrock.de\/wordpress\/historie\/\">Historie-Seite<\/a>&nbsp;und aktuelle Infos auf&nbsp;<a href=\"http:\/\/www.facebook.com\/jamelrocktdenfoerster\" target=\"_blank\" rel=\"noreferrer noopener\">Facebook<\/a>.<\/p>\n\n\n\n<p>Schirmherrinen des Festivals: Manuela Schwesig, Ministerpr\u00e4sidentin Mecklenburg-Vorpommerns und seit 2021 MV-Landtagspr\u00e4sidentin Birgit Hesse.<\/p>\n\n\n\n<h2 class=\"has-vivid-red-color has-text-color has-medium-font-size wp-block-heading\">Historie<\/h2>\n\n\n\n<p>Im Jahre 2007 hie\u00df es \u201eVorhang auf\u201c f\u00fcr das erste \u201eJamel rockt den F\u00f6rster\u201c-Festival auf dem ehemaligen Forsthof in Jamel, Nordwestmecklenburg. Was als kleines, feines Sommerfest f\u00fcr Freund*innen, Verwandte und Kolleg*innen begann, entwickelte sich \u2013 beinahe zwangsl\u00e4ufig \u2013 zu einem ambitionierten gesellschaftspolitischen Projekt.<\/p>\n\n\n\n<p>Horst und Birgit Lohmeyer \u2013 er Musiker, sie Schriftstellerin \u2013 \u00fcbernahmen 2004 den idyllisch am Waldrand gelegenen Forsthof im Wismarer Umland. In den Folgejahren zogen mehrere Familien aus der rechtsradikalen Szene nach Jamel und begannen, das Dorf nach ihrem v\u00f6lkischen Ideal zu pr\u00e4gen, Andersdenkende zu drangsalieren und zu verfolgen. Seither engagieren sich die Lohmeyers aktiv und lautstark f\u00fcr Demokratie und Toleranz, da in ihrem Heimatdorf die bekennenden Nazis nun 95% der Bev\u00f6lkerung stellen.<\/p>\n","protected":false},"excerpt":{"rendered":"<p>Kamera: Christian Miles Das Festival&#8230; Das Dorf Jamel ist von Neonazis gezielt als \u201enationalsozialistisches Musterdorf\u201c [&hellip;]<\/p>\n","protected":false},"author":3,"featured_media":0,"comment_status":"open","ping_status":"open","sticky":false,"template":"","format":"standard","meta":{"_vp_format_video_url":"","_vp_image_focal_point":[],"footnotes":""},"categories":[55,15,9],"tags":[],"class_list":["post-124","post","type-post","status-publish","format-standard","hentry","category-archiv","category-demovideo","category-musik"],"_links":{"self":[{"href":"https:\/\/projekte.flamal.de\/wiederhier\/wp-json\/wp\/v2\/posts\/124","targetHints":{"allow":["GET"]}}],"collection":[{"href":"https:\/\/projekte.flamal.de\/wiederhier\/wp-json\/wp\/v2\/posts"}],"about":[{"href":"https:\/\/projekte.flamal.de\/wiederhier\/wp-json\/wp\/v2\/types\/post"}],"author":[{"embeddable":true,"href":"https:\/\/projekte.flamal.de\/wiederhier\/wp-json\/wp\/v2\/users\/3"}],"replies":[{"embeddable":true,"href":"https:\/\/projekte.flamal.de\/wiederhier\/wp-json\/wp\/v2\/comments?post=124"}],"version-history":[{"count":5,"href":"https:\/\/projekte.flamal.de\/wiederhier\/wp-json\/wp\/v2\/posts\/124\/revisions"}],"predecessor-version":[{"id":326,"href":"https:\/\/projekte.flamal.de\/wiederhier\/wp-json\/wp\/v2\/posts\/124\/revisions\/326"}],"wp:attachment":[{"href":"https:\/\/projekte.flamal.de\/wiederhier\/wp-json\/wp\/v2\/media?parent=124"}],"wp:term":[{"taxonomy":"category","embeddable":true,"href":"https:\/\/projekte.flamal.de\/wiederhier\/wp-json\/wp\/v2\/categories?post=124"},{"taxonomy":"post_tag","embeddable":true,"href":"https:\/\/projekte.flamal.de\/wiederhier\/wp-json\/wp\/v2\/tags?post=124"}],"curies":[{"name":"wp","href":"https:\/\/api.w.org\/{rel}","templated":true}]}}